{"id":7742,"date":"2025-11-09T17:57:00","date_gmt":"2025-11-09T16:57:00","guid":{"rendered":"https:\/\/ecolesaintetherese-sodt.fr\/?p=7742"},"modified":"2026-01-06T09:48:31","modified_gmt":"2026-01-06T08:48:31","slug":"projet-jonas","status":"publish","type":"post","link":"https:\/\/ecolesaintetherese-sodt.fr\/index.php\/2025\/11\/09\/projet-jonas\/","title":{"rendered":"Projet Jonas"},"content":{"rendered":"\n<p>Dans le cadre d&rsquo;un projet commun aux \u00e9coles catholiques de la Mayenne, les \u00e9l\u00e8ves de CM ont pu aller voir le spectacle d&rsquo;Etienne Tarneaud. L&rsquo;occasion pour tous les \u00e9l\u00e8ves de cycle 3 de s&rsquo;apercevoir et de construire une culture commune. Nomm\u00e9 Jonas, le spectacle retrace l&rsquo;histoire de cet homme en M\u00e9sopotamie. Extrait de sa com\u00e9die musicale, cela a permis aux \u00e9l\u00e8ves de notre \u00e9cole de d\u00e9couvrir un spectacle cont\u00e9 et chant\u00e9 en lien avec notre projet de chant.<\/p>\n\n\n\n<p>Un lien en arts visuels a \u00e9galement pu \u00eatre fait, car les \u00e9l\u00e8ves avaient repr\u00e9sent\u00e9 un passage de la vie de Jonas en peinture.<\/p>\n\n\n\n<figure class=\"wp-block-image size-large\"><img loading=\"lazy\" decoding=\"async\" width=\"1920\" height=\"2560\" src=\"https:\/\/ecolesaintetherese-sodt.fr\/wp-content\/uploads\/2025\/12\/20251209_180610-edited-scaled.jpg\" alt=\"\" class=\"wp-image-7744\" srcset=\"https:\/\/ecolesaintetherese-sodt.fr\/wp-content\/uploads\/2025\/12\/20251209_180610-edited-scaled.jpg 1920w, https:\/\/ecolesaintetherese-sodt.fr\/wp-content\/uploads\/2025\/12\/20251209_180610-edited-225x300.jpg 225w, https:\/\/ecolesaintetherese-sodt.fr\/wp-content\/uploads\/2025\/12\/20251209_180610-edited-768x1024.jpg 768w, https:\/\/ecolesaintetherese-sodt.fr\/wp-content\/uploads\/2025\/12\/20251209_180610-edited-1152x1536.jpg 1152w, https:\/\/ecolesaintetherese-sodt.fr\/wp-content\/uploads\/2025\/12\/20251209_180610-edited-1536x2048.jpg 1536w\" sizes=\"auto, (max-width: 1920px) 100vw, 1920px\" \/><\/figure>\n","protected":false},"excerpt":{"rendered":"<p>Dans le cadre d&rsquo;un projet commun aux \u00e9coles catholiques de la Mayenne, les \u00e9l\u00e8ves de CM ont pu aller voir le spectacle d&rsquo;Etienne Tarneaud. L&rsquo;occasion pour tous les \u00e9l\u00e8ves de cycle 3 de s&rsquo;apercevoir et de construire une culture commune. Nomm\u00e9 Jonas, le spectacle retrace l&rsquo;histoire de cet homme en M\u00e9sopotamie. Extrait de sa com\u00e9die musicale, cela a permis aux [&hellip;]<\/p>\n","protected":false},"author":2,"featured_media":7744,"comment_status":"closed","ping_status":"closed","sticky":false,"template":"","format":"standard","meta":{"footnotes":""},"categories":[22],"tags":[],"class_list":["post-7742","post","type-post","status-publish","format-standard","has-post-thumbnail","hentry","category-cm1-cm2"],"jetpack_featured_media_url":"https:\/\/ecolesaintetherese-sodt.fr\/wp-content\/uploads\/2025\/12\/20251209_180610-edited-scaled.jpg","_links":{"self":[{"href":"https:\/\/ecolesaintetherese-sodt.fr\/index.php\/wp-json\/wp\/v2\/posts\/7742","targetHints":{"allow":["GET"]}}],"collection":[{"href":"https:\/\/ecolesaintetherese-sodt.fr\/index.php\/wp-json\/wp\/v2\/posts"}],"about":[{"href":"https:\/\/ecolesaintetherese-sodt.fr\/index.php\/wp-json\/wp\/v2\/types\/post"}],"author":[{"embeddable":true,"href":"https:\/\/ecolesaintetherese-sodt.fr\/index.php\/wp-json\/wp\/v2\/users\/2"}],"replies":[{"embeddable":true,"href":"https:\/\/ecolesaintetherese-sodt.fr\/index.php\/wp-json\/wp\/v2\/comments?post=7742"}],"version-history":[{"count":2,"href":"https:\/\/ecolesaintetherese-sodt.fr\/index.php\/wp-json\/wp\/v2\/posts\/7742\/revisions"}],"predecessor-version":[{"id":7848,"href":"https:\/\/ecolesaintetherese-sodt.fr\/index.php\/wp-json\/wp\/v2\/posts\/7742\/revisions\/7848"}],"wp:featuredmedia":[{"embeddable":true,"href":"https:\/\/ecolesaintetherese-sodt.fr\/index.php\/wp-json\/wp\/v2\/media\/7744"}],"wp:attachment":[{"href":"https:\/\/ecolesaintetherese-sodt.fr\/index.php\/wp-json\/wp\/v2\/media?parent=7742"}],"wp:term":[{"taxonomy":"category","embeddable":true,"href":"https:\/\/ecolesaintetherese-sodt.fr\/index.php\/wp-json\/wp\/v2\/categories?post=7742"},{"taxonomy":"post_tag","embeddable":true,"href":"https:\/\/ecolesaintetherese-sodt.fr\/index.php\/wp-json\/wp\/v2\/tags?post=7742"}],"curies":[{"name":"wp","href":"https:\/\/api.w.org\/{rel}","templated":true}]}}