{"id":4581,"date":"2025-02-25T12:41:03","date_gmt":"2025-02-25T11:41:03","guid":{"rendered":"https:\/\/ecolesaintetherese-sodt.fr\/?p=4581"},"modified":"2025-03-11T16:04:29","modified_gmt":"2025-03-11T15:04:29","slug":"frida-kahlo","status":"publish","type":"post","link":"https:\/\/ecolesaintetherese-sodt.fr\/index.php\/2025\/02\/25\/frida-kahlo\/","title":{"rendered":"Frida Kahlo"},"content":{"rendered":"\n<p>Dans le cadre de l&rsquo;apprentissage de l&rsquo;espagnol \u00e0 l&rsquo;\u00e9cole, les \u00e9l\u00e8ves de CP \u00e0 CM2 ont b\u00e9n\u00e9fici\u00e9 d&rsquo;une s\u00e9ance de cin\u00e9ma privatis\u00e9e avec le film d&rsquo;animation \u00ab\u00a0Hola Frida\u00a0\u00bb : ils ont d\u00e9couvert l&rsquo;enfance de Frida Kahlo, cette artiste peintre mexicaine, c\u00e9l\u00e8bre pour ses autoportraits aux couleurs vives repr\u00e9sentant ses \u00e9motions. C&rsquo;\u00e9tait \u00e9galement l&rsquo;occasion d&rsquo;\u00e9changer avec les \u00e9l\u00e8ves sur la diff\u00e9rence, le handicap et surtout le respect qu&rsquo;ils impliquent.<\/p>\n\n\n\n<div class=\"wp-block-jetpack-tiled-gallery aligncenter is-style-rectangular\"><div class=\"tiled-gallery__gallery\"><div class=\"tiled-gallery__row\"><div class=\"tiled-gallery__col\" style=\"flex-basis:34.74753%\"><figure class=\"tiled-gallery__item\"><img decoding=\"async\" srcset=\"https:\/\/i1.wp.com\/ecolesaintetherese-sodt.fr\/wp-content\/uploads\/2025\/03\/1741693074976-771x1024.jpg?strip=info&#038;w=600&#038;ssl=1 600w,https:\/\/i1.wp.com\/ecolesaintetherese-sodt.fr\/wp-content\/uploads\/2025\/03\/1741693074976-771x1024.jpg?strip=info&#038;w=900&#038;ssl=1 900w,https:\/\/i1.wp.com\/ecolesaintetherese-sodt.fr\/wp-content\/uploads\/2025\/03\/1741693074976-771x1024.jpg?strip=info&#038;w=1200&#038;ssl=1 1200w,https:\/\/i1.wp.com\/ecolesaintetherese-sodt.fr\/wp-content\/uploads\/2025\/03\/1741693074976-771x1024.jpg?strip=info&#038;w=1500&#038;ssl=1 1500w,https:\/\/i1.wp.com\/ecolesaintetherese-sodt.fr\/wp-content\/uploads\/2025\/03\/1741693074976-771x1024.jpg?strip=info&#038;w=1800&#038;ssl=1 1800w,https:\/\/i1.wp.com\/ecolesaintetherese-sodt.fr\/wp-content\/uploads\/2025\/03\/1741693074976-771x1024.jpg?strip=info&#038;w=1928&#038;ssl=1 1928w\" alt=\"\" data-height=\"2560\" data-id=\"4582\" data-link=\"https:\/\/ecolesaintetherese-sodt.fr\/?attachment_id=4582\" data-url=\"https:\/\/ecolesaintetherese-sodt.fr\/wp-content\/uploads\/2025\/03\/1741693074976-771x1024.jpg\" data-width=\"1928\" src=\"https:\/\/i1.wp.com\/ecolesaintetherese-sodt.fr\/wp-content\/uploads\/2025\/03\/1741693074976-771x1024.jpg?ssl=1\" data-amp-layout=\"responsive\"\/><\/figure><\/div><div class=\"tiled-gallery__col\" style=\"flex-basis:32.62623%\"><figure class=\"tiled-gallery__item\"><img decoding=\"async\" srcset=\"https:\/\/i2.wp.com\/ecolesaintetherese-sodt.fr\/wp-content\/uploads\/2025\/02\/Tableaux-Frida-Kahlo.jpg?strip=info&#038;w=600&#038;ssl=1 600w,https:\/\/i2.wp.com\/ecolesaintetherese-sodt.fr\/wp-content\/uploads\/2025\/02\/Tableaux-Frida-Kahlo.jpg?strip=info&#038;w=724&#038;ssl=1 724w\" alt=\"\" data-height=\"1024\" data-id=\"4591\" data-link=\"https:\/\/ecolesaintetherese-sodt.fr\/index.php\/2025\/02\/25\/frida-kahlo\/tableaux-frida-kahlo\/\" data-url=\"https:\/\/ecolesaintetherese-sodt.fr\/wp-content\/uploads\/2025\/02\/Tableaux-Frida-Kahlo.jpg\" data-width=\"724\" src=\"https:\/\/i2.wp.com\/ecolesaintetherese-sodt.fr\/wp-content\/uploads\/2025\/02\/Tableaux-Frida-Kahlo.jpg?ssl=1\" data-amp-layout=\"responsive\"\/><\/figure><\/div><div class=\"tiled-gallery__col\" style=\"flex-basis:32.62623%\"><figure class=\"tiled-gallery__item\"><img decoding=\"async\" srcset=\"https:\/\/i1.wp.com\/ecolesaintetherese-sodt.fr\/wp-content\/uploads\/2025\/02\/Harcelement-et-handicap-724x1024.jpg?strip=info&#038;w=600&#038;ssl=1 600w,https:\/\/i1.wp.com\/ecolesaintetherese-sodt.fr\/wp-content\/uploads\/2025\/02\/Harcelement-et-handicap-724x1024.jpg?strip=info&#038;w=900&#038;ssl=1 900w,https:\/\/i1.wp.com\/ecolesaintetherese-sodt.fr\/wp-content\/uploads\/2025\/02\/Harcelement-et-handicap-724x1024.jpg?strip=info&#038;w=1200&#038;ssl=1 1200w,https:\/\/i1.wp.com\/ecolesaintetherese-sodt.fr\/wp-content\/uploads\/2025\/02\/Harcelement-et-handicap-724x1024.jpg?strip=info&#038;w=1500&#038;ssl=1 1500w,https:\/\/i1.wp.com\/ecolesaintetherese-sodt.fr\/wp-content\/uploads\/2025\/02\/Harcelement-et-handicap-724x1024.jpg?strip=info&#038;w=1800&#038;ssl=1 1800w,https:\/\/i1.wp.com\/ecolesaintetherese-sodt.fr\/wp-content\/uploads\/2025\/02\/Harcelement-et-handicap-724x1024.jpg?strip=info&#038;w=1810&#038;ssl=1 1810w\" alt=\"\" data-height=\"2560\" data-id=\"4592\" data-link=\"https:\/\/ecolesaintetherese-sodt.fr\/index.php\/2025\/02\/25\/frida-kahlo\/harcelement-et-handicap\/\" data-url=\"https:\/\/ecolesaintetherese-sodt.fr\/wp-content\/uploads\/2025\/02\/Harcelement-et-handicap-724x1024.jpg\" data-width=\"1810\" src=\"https:\/\/i1.wp.com\/ecolesaintetherese-sodt.fr\/wp-content\/uploads\/2025\/02\/Harcelement-et-handicap-724x1024.jpg?ssl=1\" data-amp-layout=\"responsive\"\/><\/figure><\/div><\/div><\/div><\/div>\n\n\n\n<p><\/p>\n","protected":false},"excerpt":{"rendered":"<p>Dans le cadre de l&rsquo;apprentissage de l&rsquo;espagnol \u00e0 l&rsquo;\u00e9cole, les \u00e9l\u00e8ves de CP \u00e0 CM2 ont b\u00e9n\u00e9fici\u00e9 d&rsquo;une s\u00e9ance de cin\u00e9ma privatis\u00e9e avec le film d&rsquo;animation \u00ab\u00a0Hola Frida\u00a0\u00bb : ils ont d\u00e9couvert l&rsquo;enfance de Frida Kahlo, cette artiste peintre mexicaine, c\u00e9l\u00e8bre pour ses autoportraits aux couleurs vives repr\u00e9sentant ses \u00e9motions. C&rsquo;\u00e9tait \u00e9galement l&rsquo;occasion d&rsquo;\u00e9changer avec les \u00e9l\u00e8ves sur la diff\u00e9rence, [&hellip;]<\/p>\n","protected":false},"author":2,"featured_media":4582,"comment_status":"closed","ping_status":"closed","sticky":false,"template":"","format":"standard","meta":{"footnotes":""},"categories":[21,22,23,20,1],"tags":[],"class_list":["post-4581","post","type-post","status-publish","format-standard","has-post-thumbnail","hentry","category-ce1-ce2","category-cm1-cm2","category-ecole","category-gs-cp","category-non-classe"],"jetpack_featured_media_url":"https:\/\/ecolesaintetherese-sodt.fr\/wp-content\/uploads\/2025\/03\/1741693074976-scaled.jpg","_links":{"self":[{"href":"https:\/\/ecolesaintetherese-sodt.fr\/index.php\/wp-json\/wp\/v2\/posts\/4581","targetHints":{"allow":["GET"]}}],"collection":[{"href":"https:\/\/ecolesaintetherese-sodt.fr\/index.php\/wp-json\/wp\/v2\/posts"}],"about":[{"href":"https:\/\/ecolesaintetherese-sodt.fr\/index.php\/wp-json\/wp\/v2\/types\/post"}],"author":[{"embeddable":true,"href":"https:\/\/ecolesaintetherese-sodt.fr\/index.php\/wp-json\/wp\/v2\/users\/2"}],"replies":[{"embeddable":true,"href":"https:\/\/ecolesaintetherese-sodt.fr\/index.php\/wp-json\/wp\/v2\/comments?post=4581"}],"version-history":[{"count":6,"href":"https:\/\/ecolesaintetherese-sodt.fr\/index.php\/wp-json\/wp\/v2\/posts\/4581\/revisions"}],"predecessor-version":[{"id":4593,"href":"https:\/\/ecolesaintetherese-sodt.fr\/index.php\/wp-json\/wp\/v2\/posts\/4581\/revisions\/4593"}],"wp:featuredmedia":[{"embeddable":true,"href":"https:\/\/ecolesaintetherese-sodt.fr\/index.php\/wp-json\/wp\/v2\/media\/4582"}],"wp:attachment":[{"href":"https:\/\/ecolesaintetherese-sodt.fr\/index.php\/wp-json\/wp\/v2\/media?parent=4581"}],"wp:term":[{"taxonomy":"category","embeddable":true,"href":"https:\/\/ecolesaintetherese-sodt.fr\/index.php\/wp-json\/wp\/v2\/categories?post=4581"},{"taxonomy":"post_tag","embeddable":true,"href":"https:\/\/ecolesaintetherese-sodt.fr\/index.php\/wp-json\/wp\/v2\/tags?post=4581"}],"curies":[{"name":"wp","href":"https:\/\/api.w.org\/{rel}","templated":true}]}}