{"id":1301,"date":"2023-03-17T18:13:15","date_gmt":"2023-03-17T17:13:15","guid":{"rendered":"https:\/\/ecolesaintetherese-sodt.fr\/?p=1301"},"modified":"2023-06-15T15:39:19","modified_gmt":"2023-06-15T13:39:19","slug":"carnaval-et-gouter-a-la-marpa-pour-les-gs-cp","status":"publish","type":"post","link":"https:\/\/ecolesaintetherese-sodt.fr\/index.php\/2023\/03\/17\/carnaval-et-gouter-a-la-marpa-pour-les-gs-cp\/","title":{"rendered":"Carnaval et go\u00fbter \u00e0 la MARPA pour les GS-CP"},"content":{"rendered":"\n<p>Le vendredi 17 mars, \u00e0 l\u2019occasion de la mi-Car\u00eame, toute l&rsquo;\u00e9cole a f\u00eat\u00e9 Carnaval. Nous nous sommes d\u00e9guis\u00e9s et sommes all\u00e9s d\u00e9filer dans les rues. Puis, nous, les enfants de GS-CP, nous sommes all\u00e9s \u00e0 la MARPA partager des cr\u00eapes pour le go\u00fbter. C\u2019\u00e9tait un beau moment de partage.<\/p>\n\n\n\n<p>Les enfants de GS-CP- Laurence Bonsergent <\/p>\n\n\n\n<figure class=\"wp-block-gallery has-nested-images columns-default is-cropped wp-block-gallery-1 is-layout-flex wp-block-gallery-is-layout-flex\">\n<figure class=\"wp-block-image size-large\"><img loading=\"lazy\" decoding=\"async\" width=\"1024\" height=\"576\" data-id=\"1306\" src=\"https:\/\/ecolesaintetherese-sodt.fr\/wp-content\/uploads\/2023\/03\/20230317_145605-1024x576.jpg\" alt=\"\" class=\"wp-image-1306\" srcset=\"https:\/\/ecolesaintetherese-sodt.fr\/wp-content\/uploads\/2023\/03\/20230317_145605-1024x576.jpg 1024w, https:\/\/ecolesaintetherese-sodt.fr\/wp-content\/uploads\/2023\/03\/20230317_145605-300x169.jpg 300w, https:\/\/ecolesaintetherese-sodt.fr\/wp-content\/uploads\/2023\/03\/20230317_145605-768x432.jpg 768w, https:\/\/ecolesaintetherese-sodt.fr\/wp-content\/uploads\/2023\/03\/20230317_145605-1536x864.jpg 1536w, https:\/\/ecolesaintetherese-sodt.fr\/wp-content\/uploads\/2023\/03\/20230317_145605-2048x1152.jpg 2048w\" sizes=\"auto, (max-width: 1024px) 100vw, 1024px\" \/><\/figure>\n\n\n\n<figure class=\"wp-block-image size-large\"><img loading=\"lazy\" decoding=\"async\" width=\"1024\" height=\"576\" data-id=\"1307\" src=\"https:\/\/ecolesaintetherese-sodt.fr\/wp-content\/uploads\/2023\/03\/carnaval-GS-modifie-1-1024x576.jpg\" alt=\"\" class=\"wp-image-1307\" srcset=\"https:\/\/ecolesaintetherese-sodt.fr\/wp-content\/uploads\/2023\/03\/carnaval-GS-modifie-1-1024x576.jpg 1024w, https:\/\/ecolesaintetherese-sodt.fr\/wp-content\/uploads\/2023\/03\/carnaval-GS-modifie-1-300x169.jpg 300w, https:\/\/ecolesaintetherese-sodt.fr\/wp-content\/uploads\/2023\/03\/carnaval-GS-modifie-1-768x432.jpg 768w, https:\/\/ecolesaintetherese-sodt.fr\/wp-content\/uploads\/2023\/03\/carnaval-GS-modifie-1-1536x864.jpg 1536w, https:\/\/ecolesaintetherese-sodt.fr\/wp-content\/uploads\/2023\/03\/carnaval-GS-modifie-1-2048x1152.jpg 2048w\" sizes=\"auto, (max-width: 1024px) 100vw, 1024px\" \/><\/figure>\n\n\n\n<figure class=\"wp-block-image size-large\"><img loading=\"lazy\" decoding=\"async\" width=\"1024\" height=\"576\" data-id=\"1305\" src=\"https:\/\/ecolesaintetherese-sodt.fr\/wp-content\/uploads\/2023\/03\/Carnaval-Marpa-modifie-1-1024x576.jpg\" alt=\"\" class=\"wp-image-1305\" srcset=\"https:\/\/ecolesaintetherese-sodt.fr\/wp-content\/uploads\/2023\/03\/Carnaval-Marpa-modifie-1-1024x576.jpg 1024w, https:\/\/ecolesaintetherese-sodt.fr\/wp-content\/uploads\/2023\/03\/Carnaval-Marpa-modifie-1-300x169.jpg 300w, https:\/\/ecolesaintetherese-sodt.fr\/wp-content\/uploads\/2023\/03\/Carnaval-Marpa-modifie-1-768x432.jpg 768w, https:\/\/ecolesaintetherese-sodt.fr\/wp-content\/uploads\/2023\/03\/Carnaval-Marpa-modifie-1-1536x864.jpg 1536w, https:\/\/ecolesaintetherese-sodt.fr\/wp-content\/uploads\/2023\/03\/Carnaval-Marpa-modifie-1-2048x1152.jpg 2048w\" sizes=\"auto, (max-width: 1024px) 100vw, 1024px\" \/><\/figure>\n<\/figure>\n","protected":false},"excerpt":{"rendered":"<p>Le vendredi 17 mars, \u00e0 l\u2019occasion de la mi-Car\u00eame, toute l&rsquo;\u00e9cole a f\u00eat\u00e9 Carnaval. Nous nous sommes d\u00e9guis\u00e9s et sommes all\u00e9s d\u00e9filer dans les rues. Puis, nous, les enfants de GS-CP, nous sommes all\u00e9s \u00e0 la MARPA partager des cr\u00eapes pour le go\u00fbter. C\u2019\u00e9tait un beau moment de partage. Les enfants de GS-CP- Laurence Bonsergent<\/p>\n","protected":false},"author":2,"featured_media":1308,"comment_status":"closed","ping_status":"closed","sticky":false,"template":"","format":"standard","meta":{"footnotes":""},"categories":[20],"tags":[],"class_list":["post-1301","post","type-post","status-publish","format-standard","has-post-thumbnail","hentry","category-gs-cp"],"jetpack_featured_media_url":"https:\/\/ecolesaintetherese-sodt.fr\/wp-content\/uploads\/2023\/03\/Carnaval-Marpa-modifie-2-scaled.jpg","_links":{"self":[{"href":"https:\/\/ecolesaintetherese-sodt.fr\/index.php\/wp-json\/wp\/v2\/posts\/1301","targetHints":{"allow":["GET"]}}],"collection":[{"href":"https:\/\/ecolesaintetherese-sodt.fr\/index.php\/wp-json\/wp\/v2\/posts"}],"about":[{"href":"https:\/\/ecolesaintetherese-sodt.fr\/index.php\/wp-json\/wp\/v2\/types\/post"}],"author":[{"embeddable":true,"href":"https:\/\/ecolesaintetherese-sodt.fr\/index.php\/wp-json\/wp\/v2\/users\/2"}],"replies":[{"embeddable":true,"href":"https:\/\/ecolesaintetherese-sodt.fr\/index.php\/wp-json\/wp\/v2\/comments?post=1301"}],"version-history":[{"count":1,"href":"https:\/\/ecolesaintetherese-sodt.fr\/index.php\/wp-json\/wp\/v2\/posts\/1301\/revisions"}],"predecessor-version":[{"id":1309,"href":"https:\/\/ecolesaintetherese-sodt.fr\/index.php\/wp-json\/wp\/v2\/posts\/1301\/revisions\/1309"}],"wp:featuredmedia":[{"embeddable":true,"href":"https:\/\/ecolesaintetherese-sodt.fr\/index.php\/wp-json\/wp\/v2\/media\/1308"}],"wp:attachment":[{"href":"https:\/\/ecolesaintetherese-sodt.fr\/index.php\/wp-json\/wp\/v2\/media?parent=1301"}],"wp:term":[{"taxonomy":"category","embeddable":true,"href":"https:\/\/ecolesaintetherese-sodt.fr\/index.php\/wp-json\/wp\/v2\/categories?post=1301"},{"taxonomy":"post_tag","embeddable":true,"href":"https:\/\/ecolesaintetherese-sodt.fr\/index.php\/wp-json\/wp\/v2\/tags?post=1301"}],"curies":[{"name":"wp","href":"https:\/\/api.w.org\/{rel}","templated":true}]}}